{"id":1894,"date":"2017-11-11T11:35:37","date_gmt":"2017-11-11T09:35:37","guid":{"rendered":"http:\/\/www.musik-schulsystem.de\/cmsld\/?p=1894"},"modified":"2017-11-11T11:35:37","modified_gmt":"2017-11-11T09:35:37","slug":"unserer-neuer-tontechnik-dozent","status":"publish","type":"post","link":"https:\/\/www.musik-schulsystem.de\/cmsld\/unserer-neuer-tontechnik-dozent\/","title":{"rendered":"Unserer neuer Tontechnik-Dozent:"},"content":{"rendered":"<p>Hier ein paar Fotos von unserem neuen Tontechnik-Dozent, Frank Erlenk\u00e4mper. Unser neuer Tontechnik-Dozent Frank Erlenk\u00e4mper: Seine Live-Erfahrungen mit Nena, Greenday, Roland Kaiser und End of green kommen in Zukunft unseren Sch\u00fclern &#038; Studenten zu Gute:<\/p>\n<p><img loading=\"lazy\" decoding=\"async\" src=\"http:\/\/www.musik-schulsystem.de\/cmsld\/wp-content\/uploads\/Frank1-260x300.jpg\" alt=\"\" width=\"260\" height=\"300\" class=\"alignleft size-medium wp-image-1895\" \/><\/p>\n<p><img loading=\"lazy\" decoding=\"async\" src=\"http:\/\/www.musik-schulsystem.de\/cmsld\/wp-content\/uploads\/Frank-3-207x300.jpg\" alt=\"\" width=\"207\" height=\"300\" class=\"alignleft size-medium wp-image-1896\" \/><\/p>\n<p><img loading=\"lazy\" decoding=\"async\" src=\"http:\/\/www.musik-schulsystem.de\/cmsld\/wp-content\/uploads\/Frank-2-248x300.jpg\" alt=\"\" width=\"248\" height=\"300\" class=\"alignleft size-medium wp-image-1897\" \/><\/p>\n<p><img loading=\"lazy\" decoding=\"async\" src=\"http:\/\/www.musik-schulsystem.de\/cmsld\/wp-content\/uploads\/cropped-Titelbild-Mischput-workshop-300x80.jpg\" alt=\"\" width=\"300\" height=\"80\" class=\"alignleft size-medium wp-image-1892\" srcset=\"https:\/\/www.musik-schulsystem.de\/cmsld\/wp-content\/uploads\/cropped-Titelbild-Mischput-workshop-300x80.jpg 300w, https:\/\/www.musik-schulsystem.de\/cmsld\/wp-content\/uploads\/cropped-Titelbild-Mischput-workshop-768x205.jpg 768w, https:\/\/www.musik-schulsystem.de\/cmsld\/wp-content\/uploads\/cropped-Titelbild-Mischput-workshop-1024x273.jpg 1024w, https:\/\/www.musik-schulsystem.de\/cmsld\/wp-content\/uploads\/cropped-Titelbild-Mischput-workshop-989x264.jpg 989w, https:\/\/www.musik-schulsystem.de\/cmsld\/wp-content\/uploads\/cropped-Titelbild-Mischput-workshop.jpg 1200w\" sizes=\"(max-width: 300px) 100vw, 300px\" \/><\/p>\n","protected":false},"excerpt":{"rendered":"<p>Hier ein paar Fotos von unserem neuen Tontechnik-Dozent, Frank Erlenk\u00e4mper. Unser neuer Tontechnik-Dozent Frank Erlenk\u00e4mper: Seine Live-Erfahrungen mit Nena, Greenday, Roland Kaiser und End of green kommen in Zukunft unseren Sch\u00fclern &#038; Studenten zu Gute:<\/p>\n","protected":false},"author":3,"featured_media":0,"comment_status":"closed","ping_status":"closed","sticky":false,"template":"","format":"standard","meta":{"footnotes":""},"categories":[1],"tags":[],"_links":{"self":[{"href":"https:\/\/www.musik-schulsystem.de\/cmsld\/wp-json\/wp\/v2\/posts\/1894"}],"collection":[{"href":"https:\/\/www.musik-schulsystem.de\/cmsld\/wp-json\/wp\/v2\/posts"}],"about":[{"href":"https:\/\/www.musik-schulsystem.de\/cmsld\/wp-json\/wp\/v2\/types\/post"}],"author":[{"embeddable":true,"href":"https:\/\/www.musik-schulsystem.de\/cmsld\/wp-json\/wp\/v2\/users\/3"}],"replies":[{"embeddable":true,"href":"https:\/\/www.musik-schulsystem.de\/cmsld\/wp-json\/wp\/v2\/comments?post=1894"}],"version-history":[{"count":1,"href":"https:\/\/www.musik-schulsystem.de\/cmsld\/wp-json\/wp\/v2\/posts\/1894\/revisions"}],"predecessor-version":[{"id":1898,"href":"https:\/\/www.musik-schulsystem.de\/cmsld\/wp-json\/wp\/v2\/posts\/1894\/revisions\/1898"}],"wp:attachment":[{"href":"https:\/\/www.musik-schulsystem.de\/cmsld\/wp-json\/wp\/v2\/media?parent=1894"}],"wp:term":[{"taxonomy":"category","embeddable":true,"href":"https:\/\/www.musik-schulsystem.de\/cmsld\/wp-json\/wp\/v2\/categories?post=1894"},{"taxonomy":"post_tag","embeddable":true,"href":"https:\/\/www.musik-schulsystem.de\/cmsld\/wp-json\/wp\/v2\/tags?post=1894"}],"curies":[{"name":"wp","href":"https:\/\/api.w.org\/{rel}","templated":true}]}}